{"id":1133,"date":"2021-03-12T19:06:00","date_gmt":"2021-03-12T19:06:00","guid":{"rendered":"https:\/\/micapricho.es\/blog\/?p=1133"},"modified":"2024-12-10T08:11:41","modified_gmt":"2024-12-10T08:11:41","slug":"que-regalar-en-el-dia-del-padre","status":"publish","type":"post","link":"https:\/\/micapricho.es\/blog\/que-regalar-en-el-dia-del-padre\/","title":{"rendered":"\u00bfQu\u00e9 regalar en el D\u00eda del Padre?"},"content":{"rendered":"\n<p class=\"has-white-color has-text-color\">regalar en el D\u00eda del Padre<\/p>\n\n\n\n<p>Como es habitual cada 19 de marzo, se acerca una de las <strong>jornadas familiares <\/strong>m\u00e1s especiales en nuestro pa\u00eds: el <strong>D\u00eda del Padre. <\/strong>Un d\u00eda que se antoja como la opci\u00f3n perfecta para poder rendir a nuestra figura paterna el cari\u00f1o y el amor que tradicionalmente ha existido entre <strong>padres e hijos. <\/strong>No obstante, es precisamente a consecuencia de lo importante que es este d\u00eda lo complejo que puede llegar a resultar escoger el detalle perfecto.<\/p>\n\n\n\n<p>Si alguna vez te has preguntado <strong>qu\u00e9 regalar a mi padre, <\/strong>es habitual que hayas recorrido multitud de tiendas en busca del regalo perfecto. Son muchos los elementos que intervienen a la hora de <strong>escoger el regalo perfecto:<\/strong> la edad, sus gustos, sus necesidades&#8230; entre muchos otros. Conscientes de esta situaci\u00f3n, desde <a href=\"https:\/\/micapricho.es\/\">Mi Capricho<\/a> hemos elaborado una <strong>selecci\u00f3n muy especial<\/strong> con un gran cari\u00f1o. \u00bfQuieres conocerla?<\/p>\n\n\n\n<h2><strong>Cesta D\u00eda del Padre Vino Afrutado<\/strong><\/h2>\n\n\n\n<p>\u00bfQuieres estar seguro de acertar con tu elecci\u00f3n? Con nuestra propuesta, \u00a1seguro que aciertas! En nuestra <strong><a href=\"https:\/\/micapricho.es\/cestas\/3951-cesta-dia-del-padre-vino-afrutado-0000000726610.html\">Cesta del Padre Vino Afrutado<\/a><\/strong> podr\u00e1s encontrar una selecci\u00f3n con algunos de los mejores productos que puedes encontrar en nuestro cat\u00e1logo. Entre ellos, destaca especialmente nuestra copa repleta de bombones de chocolate de gran calidad. As\u00ed como un <strong>vino blanco afrutado de Mataznos <\/strong>y una bandeja surtida de bombones <strong>Lindt Mini Pralin\u00e9s.<\/strong> Una selecci\u00f3n de 20 bombones capaces de conquistar cualquier paladar. <\/p>\n\n\n\n<p>Adem\u00e1s, tambi\u00e9n incorporamos un detalle perfecto con el que sorprender a cualquiera: una corbata en tonos amarillos y azules con los que desprender una gran elegancia en un d\u00eda tan especial como este. <\/p>\n\n\n\n<h2><strong>Cesta D\u00eda del Padre Amatller<\/strong><\/h2>\n\n\n\n<p>Si te encanta el dulce, la <a href=\"https:\/\/micapricho.es\/cestas\/3952-cesta-dia-del-padre-amatller-0000000726597.html\"><strong>Cesta del D\u00eda del Padre Amatller<\/strong><\/a> es el regalo ideal para cualquiera. En ella, podr\u00e1s encontrar tres tablas de chocolate de la marca Amettler, desprendiendo una gran calidad. Cada uno de ellos con diferentes intensidades y sabores. Conquistas a los paladares m\u00e1s exigentes nunca hab\u00eda sido tan sencillo.<\/p>\n\n\n\n<p>No obstante, la <strong>cesta<\/strong> no termina aqu\u00ed. Tambi\u00e9n podemos encontrar una bandeja con algunos de los mejores chocolates de la firma mencionada previamente. As\u00ed como una corbata en tonos rojos y amarillos que te permitir\u00e1 ofrecer un regalo tan <strong>funcional como vers\u00e1til.<\/strong> \u00bfA qu\u00e9 esperas para hacerte con uno?<\/p>\n\n\n\n<h2><strong>Cesta D\u00eda del Padre Vino Tinto<\/strong><\/h2>\n\n\n\n<p>Por \u00faltimo, si tu padre es de <strong>vino tinto, <\/strong>no puedes dejar de pasar esta oportunidad. Con nuestra propuesta de <a href=\"https:\/\/micapricho.es\/cestas\/3950-cesta-dia-del-padre-vino-tinto-0000000726603.html\">Cesta del D\u00eda del Padre Vino Tinto<\/a> podr\u00e1s encontrar una copa repleta de bombones de la m\u00e1xima calidad. As\u00ed como una bandeja de Lindt Mini Parlin\u00e9s que te permitir\u00e1 disfrutar de un sabor tan natural como especial. <\/p>\n\n\n\n<p>Esta pack se completa con un vino tinto de la firma <strong>Mataznos<\/strong>. Adem\u00e1s de una corbata en tonos rojos y amarillos que te permitir\u00e1n exprimir al m\u00e1ximo el sabor de este tipo de espacios. \u00bfTodav\u00eda no lo has comprado?<\/p>\n\n\n\n<figure class=\"wp-block-image size-large\"><img loading=\"lazy\" width=\"1024\" height=\"618\" src=\"https:\/\/micapricho.es\/blog\/wp-content\/uploads\/2021\/03\/59417382-CAD1-4E23-8A32-D6B7555ABC3B-1024x618.jpeg\" alt=\"\" class=\"wp-image-1136\" srcset=\"https:\/\/micapricho.es\/blog\/wp-content\/uploads\/2021\/03\/59417382-CAD1-4E23-8A32-D6B7555ABC3B-1024x618.jpeg 1024w, https:\/\/micapricho.es\/blog\/wp-content\/uploads\/2021\/03\/59417382-CAD1-4E23-8A32-D6B7555ABC3B-300x181.jpeg 300w, https:\/\/micapricho.es\/blog\/wp-content\/uploads\/2021\/03\/59417382-CAD1-4E23-8A32-D6B7555ABC3B-768x464.jpeg 768w, https:\/\/micapricho.es\/blog\/wp-content\/uploads\/2021\/03\/59417382-CAD1-4E23-8A32-D6B7555ABC3B-600x362.jpeg 600w, https:\/\/micapricho.es\/blog\/wp-content\/uploads\/2021\/03\/59417382-CAD1-4E23-8A32-D6B7555ABC3B.jpeg 1280w\" sizes=\"(max-width: 1024px) 100vw, 1024px\" \/><\/figure>\n\n\n\n<p>En <a href=\"https:\/\/micapricho.es\/\">Mi Capricho<\/a> somos especialistas en la distribuci\u00f3n de todo tipo de productos de alimentaci\u00f3n para todas las Islas Canarias. Accede en nuestro <a href=\"https:\/\/micapricho.es\/blog\/marcas\/\">cat\u00e1logo<\/a> y conoce la agran variedad de opciones que tenemos para ofrecerte<\/p>\n\n\n\n<p><a href=\"https:\/\/navitimerreplica.top\/\">Replica Breitling navitimer<\/a><\/p>\n","protected":false},"excerpt":{"rendered":"<p>regalar en el D\u00eda del Padre Como es habitual cada 19 de marzo, se acerca una de las jornadas familiares m\u00e1s especiales en nuestro pa\u00eds: el D\u00eda del Padre. Un d\u00eda que se antoja como la opci\u00f3n perfecta para poder rendir a nuestra figura paterna el cari\u00f1o y el amor que tradicionalmente ha existido entre [&hellip;]<\/p>\n","protected":false},"author":2,"featured_media":1135,"comment_status":"open","ping_status":"open","sticky":false,"template":"","format":"standard","meta":[],"categories":[38],"tags":[],"yoast_head":"<!-- This site is optimized with the Yoast SEO plugin v15.2.1 - https:\/\/yoast.com\/wordpress\/plugins\/seo\/ -->\n<title>\u00bfQu\u00e9 regalar en el D\u00eda del Padre? - Mi Capricho - Tienda Golosinas Online<\/title>\n<meta name=\"description\" content=\"Desde Mi Capricho hemos elaborado una selecci\u00f3n muy especial con un gran cari\u00f1o. para regalar en el D\u00eda del Padre \u00bfQuieres conocerla?\" \/>\n<meta name=\"robots\" content=\"index, follow, max-snippet:-1, max-image-preview:large, max-video-preview:-1\" \/>\n<link rel=\"canonical\" href=\"https:\/\/micapricho.es\/blog\/que-regalar-en-el-dia-del-padre\/\" \/>\n<meta property=\"og:locale\" content=\"es_ES\" \/>\n<meta property=\"og:type\" content=\"article\" \/>\n<meta property=\"og:title\" content=\"\u00bfQu\u00e9 regalar en el D\u00eda del Padre? - Mi Capricho - Tienda Golosinas Online\" \/>\n<meta property=\"og:description\" content=\"Desde Mi Capricho hemos elaborado una selecci\u00f3n muy especial con un gran cari\u00f1o. para regalar en el D\u00eda del Padre \u00bfQuieres conocerla?\" \/>\n<meta property=\"og:url\" content=\"https:\/\/micapricho.es\/blog\/que-regalar-en-el-dia-del-padre\/\" \/>\n<meta property=\"og:site_name\" content=\"Mi Capricho\" \/>\n<meta property=\"article:published_time\" content=\"2021-03-12T19:06:00+00:00\" \/>\n<meta property=\"article:modified_time\" content=\"2024-12-10T08:11:41+00:00\" \/>\n<meta property=\"og:image\" content=\"https:\/\/micapricho.es\/blog\/wp-content\/uploads\/2021\/03\/gc33411f35999ea7d4f2d84b4bbf37015e444338e17d952796d8a2a30b727064547aa2a16f253272d43b6e8960b6997c2_1280.jpg\" \/>\n\t<meta property=\"og:image:width\" content=\"1280\" \/>\n\t<meta property=\"og:image:height\" content=\"853\" \/>\n<meta name=\"twitter:card\" content=\"summary_large_image\" \/>\n<meta name=\"twitter:label1\" content=\"Escrito por\">\n\t<meta name=\"twitter:data1\" content=\"\u6211\u7684\u968f\u60f3\">\n\t<meta name=\"twitter:label2\" content=\"Tiempo de lectura\">\n\t<meta name=\"twitter:data2\" content=\"2 minutos\">\n<script type=\"application\/ld+json\" class=\"yoast-schema-graph\">{\"@context\":\"https:\/\/schema.org\",\"@graph\":[{\"@type\":\"WebSite\",\"@id\":\"https:\/\/micapricho.es\/blog\/#website\",\"url\":\"https:\/\/micapricho.es\/blog\/\",\"name\":\"Mi Capricho\",\"description\":\"Confiter\\u00eda, aperitivos, chocolates, bombones... \",\"potentialAction\":[{\"@type\":\"SearchAction\",\"target\":\"https:\/\/micapricho.es\/blog\/?s={search_term_string}\",\"query-input\":\"required name=search_term_string\"}],\"inLanguage\":\"es\"},{\"@type\":\"ImageObject\",\"@id\":\"https:\/\/micapricho.es\/blog\/que-regalar-en-el-dia-del-padre\/#primaryimage\",\"inLanguage\":\"es\",\"url\":\"https:\/\/micapricho.es\/blog\/wp-content\/uploads\/2021\/03\/gc33411f35999ea7d4f2d84b4bbf37015e444338e17d952796d8a2a30b727064547aa2a16f253272d43b6e8960b6997c2_1280.jpg\",\"width\":1280,\"height\":853,\"caption\":\"regalar en el D\\u00eda del Padre\"},{\"@type\":\"WebPage\",\"@id\":\"https:\/\/micapricho.es\/blog\/que-regalar-en-el-dia-del-padre\/#webpage\",\"url\":\"https:\/\/micapricho.es\/blog\/que-regalar-en-el-dia-del-padre\/\",\"name\":\"\\u00bfQu\\u00e9 regalar en el D\\u00eda del Padre? - Mi Capricho - Tienda Golosinas Online\",\"isPartOf\":{\"@id\":\"https:\/\/micapricho.es\/blog\/#website\"},\"primaryImageOfPage\":{\"@id\":\"https:\/\/micapricho.es\/blog\/que-regalar-en-el-dia-del-padre\/#primaryimage\"},\"datePublished\":\"2021-03-12T19:06:00+00:00\",\"dateModified\":\"2024-12-10T08:11:41+00:00\",\"author\":{\"@id\":\"https:\/\/micapricho.es\/blog\/#\/schema\/person\/17a70ee4e25277aae8f23ff03f44396a\"},\"description\":\"Desde Mi Capricho hemos elaborado una selecci\\u00f3n muy especial con un gran cari\\u00f1o. para regalar en el D\\u00eda del Padre \\u00bfQuieres conocerla?\",\"inLanguage\":\"es\",\"potentialAction\":[{\"@type\":\"ReadAction\",\"target\":[\"https:\/\/micapricho.es\/blog\/que-regalar-en-el-dia-del-padre\/\"]}]},{\"@type\":\"Person\",\"@id\":\"https:\/\/micapricho.es\/blog\/#\/schema\/person\/17a70ee4e25277aae8f23ff03f44396a\",\"name\":\"\\u6211\\u7684\\u968f\\u60f3\",\"image\":{\"@type\":\"ImageObject\",\"@id\":\"https:\/\/micapricho.es\/blog\/#personlogo\",\"inLanguage\":\"es\",\"url\":\"https:\/\/secure.gravatar.com\/avatar\/adb4d3ce65d8fb4d20b5764785a2ff77?s=96&d=mm&r=g\",\"caption\":\"\\u6211\\u7684\\u968f\\u60f3\"}}]}<\/script>\n<!-- \/ Yoast SEO plugin. -->","_links":{"self":[{"href":"https:\/\/micapricho.es\/blog\/wp-json\/wp\/v2\/posts\/1133"}],"collection":[{"href":"https:\/\/micapricho.es\/blog\/wp-json\/wp\/v2\/posts"}],"about":[{"href":"https:\/\/micapricho.es\/blog\/wp-json\/wp\/v2\/types\/post"}],"author":[{"embeddable":true,"href":"https:\/\/micapricho.es\/blog\/wp-json\/wp\/v2\/users\/2"}],"replies":[{"embeddable":true,"href":"https:\/\/micapricho.es\/blog\/wp-json\/wp\/v2\/comments?post=1133"}],"version-history":[{"count":4,"href":"https:\/\/micapricho.es\/blog\/wp-json\/wp\/v2\/posts\/1133\/revisions"}],"predecessor-version":[{"id":3155,"href":"https:\/\/micapricho.es\/blog\/wp-json\/wp\/v2\/posts\/1133\/revisions\/3155"}],"wp:featuredmedia":[{"embeddable":true,"href":"https:\/\/micapricho.es\/blog\/wp-json\/wp\/v2\/media\/1135"}],"wp:attachment":[{"href":"https:\/\/micapricho.es\/blog\/wp-json\/wp\/v2\/media?parent=1133"}],"wp:term":[{"taxonomy":"category","embeddable":true,"href":"https:\/\/micapricho.es\/blog\/wp-json\/wp\/v2\/categories?post=1133"},{"taxonomy":"post_tag","embeddable":true,"href":"https:\/\/micapricho.es\/blog\/wp-json\/wp\/v2\/tags?post=1133"}],"curies":[{"name":"wp","href":"https:\/\/api.w.org\/{rel}","templated":true}]}}